{"id":4096,"date":"2023-12-05T21:53:19","date_gmt":"2023-12-05T20:53:19","guid":{"rendered":"https:\/\/www.cessangefc.lu\/?p=4096"},"modified":"2024-02-18T13:15:45","modified_gmt":"2024-02-18T12:15:45","slug":"jeunes-filles-u15-05-12-2023","status":"publish","type":"post","link":"https:\/\/www.fclcity.lu\/index.php\/2023\/12\/05\/jeunes-filles-u15-05-12-2023\/","title":{"rendered":"D\u00e9couvrez une nouvelle passion &#8211; Rejoignez notre \u00e9quipe Jeunes Filles U15"},"content":{"rendered":"\n<p>Le FC Luxembourg City continue \u00e0 d\u00e9velopper ses centres de formation Jeunes !<\/p>\n\n\n\n<p>Si vous souhaitez <strong>rejoindre l&#8217;\u00e9quipe de Jeunes Filles U15<\/strong>, c&#8217;est tr\u00e8s simple : il vous suffit d&#8217;avoir <strong>entre 10 et 15 ans<\/strong>, d&#8217;<strong>aimer jouer en \u00e9quipe au football<\/strong> et de nous rejoindre pour les<strong> entra\u00eenements chaque mardi et jeudi entre 18h et 19h30<\/strong> \u00e0 Hamm.<\/p>\n\n\n\n<p>En cas d&#8217;int\u00e9r\u00eat ou de questions, <strong>contactez Lara <\/strong>par e-mail : <a href=\"mailto:lara.botticelli16@gmail.com\" target=\"_blank\" rel=\"noreferrer noopener\">lara.botticelli16@gmail.com<\/a> ou <a href=\"https:\/\/www.fclcity.lu\/index.php\/equipes-juniors\/inscription\/\">inscrivez-vous directement en ligne<\/a>.<\/p>\n\n\n\n<p>Depuis quelques ann\u00e9es, le club ne cesse de se d\u00e9velopper et de progresser, tout en veillant \u00e0 conserver sa simplicit\u00e9 et son ambiance conviviale et familiale.<\/p>\n\n\n\n<p>G\u00e9rant \u00e0 la fois des \u00e9quipes Jeunes et Senior, le staff et les entra\u00eeneurs se focalisent principalement sur la qualit\u00e9 de jeu des \u00e9quipes, contribuent \u00e0 d\u00e9velopper le potentiel des joueuses et joueurs et leur apprennent \u00e0 mettre leurs atouts individuels au service du collectif.<\/p>\n\n\n\n<p><strong>Adresse du terrain d&#8217;entra\u00eenement :<\/strong> <a href=\"https:\/\/goo.gl\/maps\/8FPxSQKFCLL22fz16\" target=\"_blank\" rel=\"noreferrer noopener\">99A rue de Hamm, 1713 Luxembourg<\/a><\/p>\n\n\n\n<iframe src=\"https:\/\/www.google.com\/maps\/embed?pb=!1m18!1m12!1m3!1d2585.5327835284384!2d6.15135217626204!3d49.60655957144335!2m3!1f0!2f0!3f0!3m2!1i1024!2i768!4f13.1!3m3!1m2!1s0x479548b39b37a24d%3A0x1c1c12f3a0b314ab!2s99%20Rue%20de%20Hamm%2C%201713%20Hamm%20Luxembourg!5e0!3m2!1sfr!2slu!4v1693764048059!5m2!1sfr!2slu\" width=\"600\" height=\"450\" style=\"border:0;\" allowfullscreen=\"\" loading=\"lazy\" referrerpolicy=\"no-referrer-when-downgrade\"><\/iframe>\n\n\n<figure class=\"wp-block-post-featured-image\"><img loading=\"lazy\" decoding=\"async\" width=\"1274\" height=\"1454\" src=\"https:\/\/www.fclcity.lu\/wp-content\/uploads\/2023\/12\/92b7135d-882d-4770-9d24-c5a930f3fb77.jpeg\" class=\"attachment-post-thumbnail size-post-thumbnail wp-post-image\" alt=\"Jeunes filles U15 football Luxembourg City\" style=\"object-fit:cover;\" srcset=\"https:\/\/www.fclcity.lu\/wp-content\/uploads\/2023\/12\/92b7135d-882d-4770-9d24-c5a930f3fb77.jpeg 1274w, https:\/\/www.fclcity.lu\/wp-content\/uploads\/2023\/12\/92b7135d-882d-4770-9d24-c5a930f3fb77-263x300.jpeg 263w, https:\/\/www.fclcity.lu\/wp-content\/uploads\/2023\/12\/92b7135d-882d-4770-9d24-c5a930f3fb77-897x1024.jpeg 897w, https:\/\/www.fclcity.lu\/wp-content\/uploads\/2023\/12\/92b7135d-882d-4770-9d24-c5a930f3fb77-768x877.jpeg 768w, https:\/\/www.fclcity.lu\/wp-content\/uploads\/2023\/12\/92b7135d-882d-4770-9d24-c5a930f3fb77-175x200.jpeg 175w, https:\/\/www.fclcity.lu\/wp-content\/uploads\/2023\/12\/92b7135d-882d-4770-9d24-c5a930f3fb77-70x80.jpeg 70w, https:\/\/www.fclcity.lu\/wp-content\/uploads\/2023\/12\/92b7135d-882d-4770-9d24-c5a930f3fb77-30x34.jpeg 30w, https:\/\/www.fclcity.lu\/wp-content\/uploads\/2023\/12\/92b7135d-882d-4770-9d24-c5a930f3fb77-600x685.jpeg 600w\" sizes=\"auto, (max-width: 1274px) 100vw, 1274px\" \/><\/figure>","protected":false},"excerpt":{"rendered":"<p>Le FC Luxembourg City continue \u00e0 d\u00e9velopper ses centres de formation Jeunes ! Si vous souhaitez rejoindre l&#8217;\u00e9quipe de Jeunes Filles U15, c&#8217;est tr\u00e8s&#8230;<\/p>\n","protected":false},"author":1,"featured_media":4094,"comment_status":"closed","ping_status":"open","sticky":false,"template":"","format":"standard","meta":{"_jetpack_memberships_contains_paid_content":false,"footnotes":""},"categories":[273],"tags":[],"class_list":["post-4096","post","type-post","status-publish","format-standard","has-post-thumbnail","hentry","category-actualite"],"featured_image_src":"https:\/\/www.fclcity.lu\/wp-content\/uploads\/2023\/12\/92b7135d-882d-4770-9d24-c5a930f3fb77.jpeg","author_info":{"display_name":"adminceb01","author_link":"https:\/\/www.fclcity.lu\/index.php\/author\/adminceb01\/"},"yoast_head":"<!-- This site is optimized with the Yoast SEO plugin v27.5 - https:\/\/yoast.com\/product\/yoast-seo-wordpress\/ -->\n<title>D\u00e9couvrez une nouvelle passion - Rejoignez notre \u00e9quipe Jeunes Filles U15 - FC Luxembourg City<\/title>\n<meta name=\"description\" content=\"D\u00e9couvrez une nouvelle passion - Rejoignez notre \u00e9quipe Jeunes Filles U15\" \/>\n<meta name=\"robots\" content=\"index, follow, max-snippet:-1, max-image-preview:large, max-video-preview:-1\" \/>\n<link rel=\"canonical\" href=\"https:\/\/www.fclcity.lu\/index.php\/2023\/12\/05\/jeunes-filles-u15-05-12-2023\/\" \/>\n<meta property=\"og:locale\" content=\"fr_FR\" \/>\n<meta property=\"og:type\" content=\"article\" \/>\n<meta property=\"og:title\" content=\"D\u00e9couvrez une nouvelle passion - Rejoignez notre \u00e9quipe Jeunes Filles U15 - FC Luxembourg City\" \/>\n<meta property=\"og:description\" content=\"D\u00e9couvrez une nouvelle passion - Rejoignez notre \u00e9quipe Jeunes Filles U15\" \/>\n<meta property=\"og:url\" content=\"https:\/\/www.fclcity.lu\/index.php\/2023\/12\/05\/jeunes-filles-u15-05-12-2023\/\" \/>\n<meta property=\"og:site_name\" content=\"FC Luxembourg City\" \/>\n<meta property=\"article:publisher\" content=\"https:\/\/facebook.com\/p\/FC-Luxembourg-City-100083413544920\/\" \/>\n<meta property=\"article:published_time\" content=\"2023-12-05T20:53:19+00:00\" \/>\n<meta property=\"article:modified_time\" content=\"2024-02-18T12:15:45+00:00\" \/>\n<meta property=\"og:image\" content=\"https:\/\/www.fclcity.lu\/wp-content\/uploads\/2023\/12\/92b7135d-882d-4770-9d24-c5a930f3fb77.jpeg\" \/>\n\t<meta property=\"og:image:width\" content=\"1274\" \/>\n\t<meta property=\"og:image:height\" content=\"1454\" \/>\n\t<meta property=\"og:image:type\" content=\"image\/jpeg\" \/>\n<meta name=\"author\" content=\"adminceb01\" \/>\n<meta name=\"twitter:card\" content=\"summary_large_image\" \/>\n<meta name=\"twitter:label1\" content=\"\u00c9crit par\" \/>\n\t<meta name=\"twitter:data1\" content=\"adminceb01\" \/>\n\t<meta name=\"twitter:label2\" content=\"Dur\u00e9e de lecture estim\u00e9e\" \/>\n\t<meta name=\"twitter:data2\" content=\"1 minute\" \/>\n<script type=\"application\/ld+json\" class=\"yoast-schema-graph\">{\"@context\":\"https:\\\/\\\/schema.org\",\"@graph\":[{\"@type\":\"Article\",\"@id\":\"https:\\\/\\\/www.fclcity.lu\\\/index.php\\\/2023\\\/12\\\/05\\\/jeunes-filles-u15-05-12-2023\\\/#article\",\"isPartOf\":{\"@id\":\"https:\\\/\\\/www.fclcity.lu\\\/index.php\\\/2023\\\/12\\\/05\\\/jeunes-filles-u15-05-12-2023\\\/\"},\"author\":{\"name\":\"adminceb01\",\"@id\":\"https:\\\/\\\/www.fclcity.lu\\\/#\\\/schema\\\/person\\\/df3a6f00db0fee76cdfc1854efba50d0\"},\"headline\":\"D\u00e9couvrez une nouvelle passion &#8211; Rejoignez notre \u00e9quipe Jeunes Filles U15\",\"datePublished\":\"2023-12-05T20:53:19+00:00\",\"dateModified\":\"2024-02-18T12:15:45+00:00\",\"mainEntityOfPage\":{\"@id\":\"https:\\\/\\\/www.fclcity.lu\\\/index.php\\\/2023\\\/12\\\/05\\\/jeunes-filles-u15-05-12-2023\\\/\"},\"wordCount\":176,\"publisher\":{\"@id\":\"https:\\\/\\\/www.fclcity.lu\\\/#organization\"},\"image\":{\"@id\":\"https:\\\/\\\/www.fclcity.lu\\\/index.php\\\/2023\\\/12\\\/05\\\/jeunes-filles-u15-05-12-2023\\\/#primaryimage\"},\"thumbnailUrl\":\"https:\\\/\\\/www.fclcity.lu\\\/wp-content\\\/uploads\\\/2023\\\/12\\\/92b7135d-882d-4770-9d24-c5a930f3fb77.jpeg\",\"articleSection\":[\"Actualit\u00e9\"],\"inLanguage\":\"fr-FR\"},{\"@type\":\"WebPage\",\"@id\":\"https:\\\/\\\/www.fclcity.lu\\\/index.php\\\/2023\\\/12\\\/05\\\/jeunes-filles-u15-05-12-2023\\\/\",\"url\":\"https:\\\/\\\/www.fclcity.lu\\\/index.php\\\/2023\\\/12\\\/05\\\/jeunes-filles-u15-05-12-2023\\\/\",\"name\":\"D\u00e9couvrez une nouvelle passion - Rejoignez notre \u00e9quipe Jeunes Filles U15 - FC Luxembourg City\",\"isPartOf\":{\"@id\":\"https:\\\/\\\/www.fclcity.lu\\\/#website\"},\"primaryImageOfPage\":{\"@id\":\"https:\\\/\\\/www.fclcity.lu\\\/index.php\\\/2023\\\/12\\\/05\\\/jeunes-filles-u15-05-12-2023\\\/#primaryimage\"},\"image\":{\"@id\":\"https:\\\/\\\/www.fclcity.lu\\\/index.php\\\/2023\\\/12\\\/05\\\/jeunes-filles-u15-05-12-2023\\\/#primaryimage\"},\"thumbnailUrl\":\"https:\\\/\\\/www.fclcity.lu\\\/wp-content\\\/uploads\\\/2023\\\/12\\\/92b7135d-882d-4770-9d24-c5a930f3fb77.jpeg\",\"datePublished\":\"2023-12-05T20:53:19+00:00\",\"dateModified\":\"2024-02-18T12:15:45+00:00\",\"description\":\"D\u00e9couvrez une nouvelle passion - Rejoignez notre \u00e9quipe Jeunes Filles U15\",\"breadcrumb\":{\"@id\":\"https:\\\/\\\/www.fclcity.lu\\\/index.php\\\/2023\\\/12\\\/05\\\/jeunes-filles-u15-05-12-2023\\\/#breadcrumb\"},\"inLanguage\":\"fr-FR\",\"potentialAction\":[{\"@type\":\"ReadAction\",\"target\":[\"https:\\\/\\\/www.fclcity.lu\\\/index.php\\\/2023\\\/12\\\/05\\\/jeunes-filles-u15-05-12-2023\\\/\"]}]},{\"@type\":\"ImageObject\",\"inLanguage\":\"fr-FR\",\"@id\":\"https:\\\/\\\/www.fclcity.lu\\\/index.php\\\/2023\\\/12\\\/05\\\/jeunes-filles-u15-05-12-2023\\\/#primaryimage\",\"url\":\"https:\\\/\\\/www.fclcity.lu\\\/wp-content\\\/uploads\\\/2023\\\/12\\\/92b7135d-882d-4770-9d24-c5a930f3fb77.jpeg\",\"contentUrl\":\"https:\\\/\\\/www.fclcity.lu\\\/wp-content\\\/uploads\\\/2023\\\/12\\\/92b7135d-882d-4770-9d24-c5a930f3fb77.jpeg\",\"width\":1274,\"height\":1454,\"caption\":\"Jeunes filles U15 football Luxembourg City\"},{\"@type\":\"BreadcrumbList\",\"@id\":\"https:\\\/\\\/www.fclcity.lu\\\/index.php\\\/2023\\\/12\\\/05\\\/jeunes-filles-u15-05-12-2023\\\/#breadcrumb\",\"itemListElement\":[{\"@type\":\"ListItem\",\"position\":1,\"name\":\"Accueil\",\"item\":\"https:\\\/\\\/www.fclcity.lu\\\/\"},{\"@type\":\"ListItem\",\"position\":2,\"name\":\"D\u00e9couvrez une nouvelle passion &#8211; Rejoignez notre \u00e9quipe Jeunes Filles U15\"}]},{\"@type\":\"WebSite\",\"@id\":\"https:\\\/\\\/www.fclcity.lu\\\/#website\",\"url\":\"https:\\\/\\\/www.fclcity.lu\\\/\",\"name\":\"FC Luxembourg City\",\"description\":\"\",\"publisher\":{\"@id\":\"https:\\\/\\\/www.fclcity.lu\\\/#organization\"},\"potentialAction\":[{\"@type\":\"SearchAction\",\"target\":{\"@type\":\"EntryPoint\",\"urlTemplate\":\"https:\\\/\\\/www.fclcity.lu\\\/?s={search_term_string}\"},\"query-input\":{\"@type\":\"PropertyValueSpecification\",\"valueRequired\":true,\"valueName\":\"search_term_string\"}}],\"inLanguage\":\"fr-FR\"},{\"@type\":\"Organization\",\"@id\":\"https:\\\/\\\/www.fclcity.lu\\\/#organization\",\"name\":\"FC Luxembourg City\",\"url\":\"https:\\\/\\\/www.fclcity.lu\\\/\",\"logo\":{\"@type\":\"ImageObject\",\"inLanguage\":\"fr-FR\",\"@id\":\"https:\\\/\\\/www.fclcity.lu\\\/#\\\/schema\\\/logo\\\/image\\\/\",\"url\":\"https:\\\/\\\/www.fclcity.lu\\\/wp-content\\\/uploads\\\/2023\\\/12\\\/LOGO_FCLC_472.png\",\"contentUrl\":\"https:\\\/\\\/www.fclcity.lu\\\/wp-content\\\/uploads\\\/2023\\\/12\\\/LOGO_FCLC_472.png\",\"width\":472,\"height\":472,\"caption\":\"FC Luxembourg City\"},\"image\":{\"@id\":\"https:\\\/\\\/www.fclcity.lu\\\/#\\\/schema\\\/logo\\\/image\\\/\"},\"sameAs\":[\"https:\\\/\\\/facebook.com\\\/p\\\/FC-Luxembourg-City-100083413544920\\\/\",\"https:\\\/\\\/www.instagram.com\\\/fc_lcity\"]},{\"@type\":\"Person\",\"@id\":\"https:\\\/\\\/www.fclcity.lu\\\/#\\\/schema\\\/person\\\/df3a6f00db0fee76cdfc1854efba50d0\",\"name\":\"adminceb01\",\"image\":{\"@type\":\"ImageObject\",\"inLanguage\":\"fr-FR\",\"@id\":\"https:\\\/\\\/secure.gravatar.com\\\/avatar\\\/5dcb853cdbb3c7bfa4d0f1047f504248a7ea296deac5b1ff15178af4d24cad0b?s=96&d=mm&r=g\",\"url\":\"https:\\\/\\\/secure.gravatar.com\\\/avatar\\\/5dcb853cdbb3c7bfa4d0f1047f504248a7ea296deac5b1ff15178af4d24cad0b?s=96&d=mm&r=g\",\"contentUrl\":\"https:\\\/\\\/secure.gravatar.com\\\/avatar\\\/5dcb853cdbb3c7bfa4d0f1047f504248a7ea296deac5b1ff15178af4d24cad0b?s=96&d=mm&r=g\",\"caption\":\"adminceb01\"},\"url\":\"https:\\\/\\\/www.fclcity.lu\\\/index.php\\\/author\\\/adminceb01\\\/\"}]}<\/script>\n<!-- \/ Yoast SEO plugin. -->","yoast_head_json":{"title":"D\u00e9couvrez une nouvelle passion - Rejoignez notre \u00e9quipe Jeunes Filles U15 - FC Luxembourg City","description":"D\u00e9couvrez une nouvelle passion - Rejoignez notre \u00e9quipe Jeunes Filles U15","robots":{"index":"index","follow":"follow","max-snippet":"max-snippet:-1","max-image-preview":"max-image-preview:large","max-video-preview":"max-video-preview:-1"},"canonical":"https:\/\/www.fclcity.lu\/index.php\/2023\/12\/05\/jeunes-filles-u15-05-12-2023\/","og_locale":"fr_FR","og_type":"article","og_title":"D\u00e9couvrez une nouvelle passion - Rejoignez notre \u00e9quipe Jeunes Filles U15 - FC Luxembourg City","og_description":"D\u00e9couvrez une nouvelle passion - Rejoignez notre \u00e9quipe Jeunes Filles U15","og_url":"https:\/\/www.fclcity.lu\/index.php\/2023\/12\/05\/jeunes-filles-u15-05-12-2023\/","og_site_name":"FC Luxembourg City","article_publisher":"https:\/\/facebook.com\/p\/FC-Luxembourg-City-100083413544920\/","article_published_time":"2023-12-05T20:53:19+00:00","article_modified_time":"2024-02-18T12:15:45+00:00","og_image":[{"width":1274,"height":1454,"url":"https:\/\/www.fclcity.lu\/wp-content\/uploads\/2023\/12\/92b7135d-882d-4770-9d24-c5a930f3fb77.jpeg","type":"image\/jpeg"}],"author":"adminceb01","twitter_card":"summary_large_image","twitter_misc":{"\u00c9crit par":"adminceb01","Dur\u00e9e de lecture estim\u00e9e":"1 minute"},"schema":{"@context":"https:\/\/schema.org","@graph":[{"@type":"Article","@id":"https:\/\/www.fclcity.lu\/index.php\/2023\/12\/05\/jeunes-filles-u15-05-12-2023\/#article","isPartOf":{"@id":"https:\/\/www.fclcity.lu\/index.php\/2023\/12\/05\/jeunes-filles-u15-05-12-2023\/"},"author":{"name":"adminceb01","@id":"https:\/\/www.fclcity.lu\/#\/schema\/person\/df3a6f00db0fee76cdfc1854efba50d0"},"headline":"D\u00e9couvrez une nouvelle passion &#8211; Rejoignez notre \u00e9quipe Jeunes Filles U15","datePublished":"2023-12-05T20:53:19+00:00","dateModified":"2024-02-18T12:15:45+00:00","mainEntityOfPage":{"@id":"https:\/\/www.fclcity.lu\/index.php\/2023\/12\/05\/jeunes-filles-u15-05-12-2023\/"},"wordCount":176,"publisher":{"@id":"https:\/\/www.fclcity.lu\/#organization"},"image":{"@id":"https:\/\/www.fclcity.lu\/index.php\/2023\/12\/05\/jeunes-filles-u15-05-12-2023\/#primaryimage"},"thumbnailUrl":"https:\/\/www.fclcity.lu\/wp-content\/uploads\/2023\/12\/92b7135d-882d-4770-9d24-c5a930f3fb77.jpeg","articleSection":["Actualit\u00e9"],"inLanguage":"fr-FR"},{"@type":"WebPage","@id":"https:\/\/www.fclcity.lu\/index.php\/2023\/12\/05\/jeunes-filles-u15-05-12-2023\/","url":"https:\/\/www.fclcity.lu\/index.php\/2023\/12\/05\/jeunes-filles-u15-05-12-2023\/","name":"D\u00e9couvrez une nouvelle passion - Rejoignez notre \u00e9quipe Jeunes Filles U15 - FC Luxembourg City","isPartOf":{"@id":"https:\/\/www.fclcity.lu\/#website"},"primaryImageOfPage":{"@id":"https:\/\/www.fclcity.lu\/index.php\/2023\/12\/05\/jeunes-filles-u15-05-12-2023\/#primaryimage"},"image":{"@id":"https:\/\/www.fclcity.lu\/index.php\/2023\/12\/05\/jeunes-filles-u15-05-12-2023\/#primaryimage"},"thumbnailUrl":"https:\/\/www.fclcity.lu\/wp-content\/uploads\/2023\/12\/92b7135d-882d-4770-9d24-c5a930f3fb77.jpeg","datePublished":"2023-12-05T20:53:19+00:00","dateModified":"2024-02-18T12:15:45+00:00","description":"D\u00e9couvrez une nouvelle passion - Rejoignez notre \u00e9quipe Jeunes Filles U15","breadcrumb":{"@id":"https:\/\/www.fclcity.lu\/index.php\/2023\/12\/05\/jeunes-filles-u15-05-12-2023\/#breadcrumb"},"inLanguage":"fr-FR","potentialAction":[{"@type":"ReadAction","target":["https:\/\/www.fclcity.lu\/index.php\/2023\/12\/05\/jeunes-filles-u15-05-12-2023\/"]}]},{"@type":"ImageObject","inLanguage":"fr-FR","@id":"https:\/\/www.fclcity.lu\/index.php\/2023\/12\/05\/jeunes-filles-u15-05-12-2023\/#primaryimage","url":"https:\/\/www.fclcity.lu\/wp-content\/uploads\/2023\/12\/92b7135d-882d-4770-9d24-c5a930f3fb77.jpeg","contentUrl":"https:\/\/www.fclcity.lu\/wp-content\/uploads\/2023\/12\/92b7135d-882d-4770-9d24-c5a930f3fb77.jpeg","width":1274,"height":1454,"caption":"Jeunes filles U15 football Luxembourg City"},{"@type":"BreadcrumbList","@id":"https:\/\/www.fclcity.lu\/index.php\/2023\/12\/05\/jeunes-filles-u15-05-12-2023\/#breadcrumb","itemListElement":[{"@type":"ListItem","position":1,"name":"Accueil","item":"https:\/\/www.fclcity.lu\/"},{"@type":"ListItem","position":2,"name":"D\u00e9couvrez une nouvelle passion &#8211; Rejoignez notre \u00e9quipe Jeunes Filles U15"}]},{"@type":"WebSite","@id":"https:\/\/www.fclcity.lu\/#website","url":"https:\/\/www.fclcity.lu\/","name":"FC Luxembourg City","description":"","publisher":{"@id":"https:\/\/www.fclcity.lu\/#organization"},"potentialAction":[{"@type":"SearchAction","target":{"@type":"EntryPoint","urlTemplate":"https:\/\/www.fclcity.lu\/?s={search_term_string}"},"query-input":{"@type":"PropertyValueSpecification","valueRequired":true,"valueName":"search_term_string"}}],"inLanguage":"fr-FR"},{"@type":"Organization","@id":"https:\/\/www.fclcity.lu\/#organization","name":"FC Luxembourg City","url":"https:\/\/www.fclcity.lu\/","logo":{"@type":"ImageObject","inLanguage":"fr-FR","@id":"https:\/\/www.fclcity.lu\/#\/schema\/logo\/image\/","url":"https:\/\/www.fclcity.lu\/wp-content\/uploads\/2023\/12\/LOGO_FCLC_472.png","contentUrl":"https:\/\/www.fclcity.lu\/wp-content\/uploads\/2023\/12\/LOGO_FCLC_472.png","width":472,"height":472,"caption":"FC Luxembourg City"},"image":{"@id":"https:\/\/www.fclcity.lu\/#\/schema\/logo\/image\/"},"sameAs":["https:\/\/facebook.com\/p\/FC-Luxembourg-City-100083413544920\/","https:\/\/www.instagram.com\/fc_lcity"]},{"@type":"Person","@id":"https:\/\/www.fclcity.lu\/#\/schema\/person\/df3a6f00db0fee76cdfc1854efba50d0","name":"adminceb01","image":{"@type":"ImageObject","inLanguage":"fr-FR","@id":"https:\/\/secure.gravatar.com\/avatar\/5dcb853cdbb3c7bfa4d0f1047f504248a7ea296deac5b1ff15178af4d24cad0b?s=96&d=mm&r=g","url":"https:\/\/secure.gravatar.com\/avatar\/5dcb853cdbb3c7bfa4d0f1047f504248a7ea296deac5b1ff15178af4d24cad0b?s=96&d=mm&r=g","contentUrl":"https:\/\/secure.gravatar.com\/avatar\/5dcb853cdbb3c7bfa4d0f1047f504248a7ea296deac5b1ff15178af4d24cad0b?s=96&d=mm&r=g","caption":"adminceb01"},"url":"https:\/\/www.fclcity.lu\/index.php\/author\/adminceb01\/"}]}},"jetpack_featured_media_url":"https:\/\/www.fclcity.lu\/wp-content\/uploads\/2023\/12\/92b7135d-882d-4770-9d24-c5a930f3fb77.jpeg","jetpack_sharing_enabled":true,"_links":{"self":[{"href":"https:\/\/www.fclcity.lu\/index.php\/wp-json\/wp\/v2\/posts\/4096","targetHints":{"allow":["GET"]}}],"collection":[{"href":"https:\/\/www.fclcity.lu\/index.php\/wp-json\/wp\/v2\/posts"}],"about":[{"href":"https:\/\/www.fclcity.lu\/index.php\/wp-json\/wp\/v2\/types\/post"}],"author":[{"embeddable":true,"href":"https:\/\/www.fclcity.lu\/index.php\/wp-json\/wp\/v2\/users\/1"}],"replies":[{"embeddable":true,"href":"https:\/\/www.fclcity.lu\/index.php\/wp-json\/wp\/v2\/comments?post=4096"}],"version-history":[{"count":5,"href":"https:\/\/www.fclcity.lu\/index.php\/wp-json\/wp\/v2\/posts\/4096\/revisions"}],"predecessor-version":[{"id":4654,"href":"https:\/\/www.fclcity.lu\/index.php\/wp-json\/wp\/v2\/posts\/4096\/revisions\/4654"}],"wp:featuredmedia":[{"embeddable":true,"href":"https:\/\/www.fclcity.lu\/index.php\/wp-json\/wp\/v2\/media\/4094"}],"wp:attachment":[{"href":"https:\/\/www.fclcity.lu\/index.php\/wp-json\/wp\/v2\/media?parent=4096"}],"wp:term":[{"taxonomy":"category","embeddable":true,"href":"https:\/\/www.fclcity.lu\/index.php\/wp-json\/wp\/v2\/categories?post=4096"},{"taxonomy":"post_tag","embeddable":true,"href":"https:\/\/www.fclcity.lu\/index.php\/wp-json\/wp\/v2\/tags?post=4096"}],"curies":[{"name":"wp","href":"https:\/\/api.w.org\/{rel}","templated":true}]}}