{"id":5282,"date":"2024-05-30T23:27:14","date_gmt":"2024-05-30T21:27:14","guid":{"rendered":"https:\/\/www.fclcity.lu\/?p=5282"},"modified":"2024-06-01T10:25:07","modified_gmt":"2024-06-01T08:25:07","slug":"ils-lont-fait-en-route-pour-la-promotion-dhonneur","status":"publish","type":"post","link":"https:\/\/www.fclcity.lu\/index.php\/2024\/05\/30\/ils-lont-fait-en-route-pour-la-promotion-dhonneur\/","title":{"rendered":"Ils l&#8217;ont fait &#8211; En route pour la Promotion d&#8217;Honneur !"},"content":{"rendered":"\n<p>Gr\u00e2ce \u00e0 sa <strong>victoire<\/strong>, le 30 mai 2024, dans le match de barrage PH\/D1 plein de rebondissements contre le FC Lorentzweiler, notre valeureuse \u00e9quipe Senior retrouvera la saison prochaine la <strong>Promotion d&#8217;Honneur<\/strong>.<\/p>\n\n\n\n<p><strong>Bravo \u00e0 toute l&#8217;\u00e9quipe <\/strong>pour cette belle victoire et <strong>merci \u00e0 tous nos supporters <\/strong>qui ont fait le d\u00e9placement et ont su se faire entendre tout au long du match ! Quel bonheur de partager cette r\u00e9ussite tous ensemble \ud83d\ude0d<\/p>\n\n\n\n<p><strong>Merci<\/strong> \u00e9galement \u00e0 nos<strong> adversaires<\/strong> qui nous ont fait \u00e9voluer, match apr\u00e8s match, tout au long de la saison, merci \u00e0 nos <strong>b\u00e9n\u00e9voles et employ\u00e9s <\/strong>qui font un travail tout \u00e0 fait remarquable en coulisses et que nous ne remercierons jamais assez \ud83d\ude4f<\/p>\n\n\n\n<p>Un immense <strong>remerciement<\/strong> \u00e0 tous nos <strong>entra\u00eeneurs des sections Seniors et Jeunes <\/strong>qui se vouent corps et \u00e2me, toute l&#8217;ann\u00e9e, avec nos jeunes sportives et sportifs pour leur transmettre la passion du jeu et les pousser toujours vers le haut !<\/p>\n\n\n\n<p>Enfin, merci au <strong>Service des Sports de la Ville de Luxembourg<\/strong>, la <strong>FLF<\/strong>, ainsi que nos <strong>sponsors et partenaires<\/strong> fid\u00e8les qui continuent \u00e0 nous soutenir dans cette belle \u00e9pop\u00e9e.<\/p>\n\n\n\n<p>Rendez-vous <strong>fin ao\u00fbt<\/strong> pour une <strong>nouvelle saison pleine d&#8217;\u00e9motions<\/strong> \u2764\ufe0f\u26bd<\/p>\n","protected":false},"excerpt":{"rendered":"<p>Gr\u00e2ce \u00e0 sa victoire, le 30 mai 2024, dans le match de barrage PH\/D1 plein de rebondissements contre le FC Lorentzweiler, notre valeureuse \u00e9quipe&#8230;<\/p>\n","protected":false},"author":1,"featured_media":5285,"comment_status":"closed","ping_status":"closed","sticky":false,"template":"","format":"standard","meta":{"_jetpack_memberships_contains_paid_content":false,"footnotes":""},"categories":[273],"tags":[],"class_list":["post-5282","post","type-post","status-publish","format-standard","has-post-thumbnail","hentry","category-actualite"],"featured_image_src":"https:\/\/www.fclcity.lu\/wp-content\/uploads\/2024\/05\/victoire-barrage-promotion-honneur.jpg","author_info":{"display_name":"adminceb01","author_link":"https:\/\/www.fclcity.lu\/index.php\/author\/adminceb01\/"},"yoast_head":"<!-- This site is optimized with the Yoast SEO plugin v27.5 - https:\/\/yoast.com\/product\/yoast-seo-wordpress\/ -->\n<title>Ils l&#039;ont fait - En route pour la Promotion d&#039;Honneur ! - FC Luxembourg City<\/title>\n<meta name=\"description\" content=\"FC Luxembourg City - Ils l&#039;ont fait - En route pour la Promotion d&#039;Honneur !\" \/>\n<meta name=\"robots\" content=\"index, follow, max-snippet:-1, max-image-preview:large, max-video-preview:-1\" \/>\n<link rel=\"canonical\" href=\"https:\/\/www.fclcity.lu\/index.php\/2024\/05\/30\/ils-lont-fait-en-route-pour-la-promotion-dhonneur\/\" \/>\n<meta property=\"og:locale\" content=\"fr_FR\" \/>\n<meta property=\"og:type\" content=\"article\" \/>\n<meta property=\"og:title\" content=\"Ils l&#039;ont fait - En route pour la Promotion d&#039;Honneur ! - FC Luxembourg City\" \/>\n<meta property=\"og:description\" content=\"FC Luxembourg City - Ils l&#039;ont fait - En route pour la Promotion d&#039;Honneur !\" \/>\n<meta property=\"og:url\" content=\"https:\/\/www.fclcity.lu\/index.php\/2024\/05\/30\/ils-lont-fait-en-route-pour-la-promotion-dhonneur\/\" \/>\n<meta property=\"og:site_name\" content=\"FC Luxembourg City\" \/>\n<meta property=\"article:publisher\" content=\"https:\/\/facebook.com\/p\/FC-Luxembourg-City-100083413544920\/\" \/>\n<meta property=\"article:published_time\" content=\"2024-05-30T21:27:14+00:00\" \/>\n<meta property=\"article:modified_time\" content=\"2024-06-01T08:25:07+00:00\" \/>\n<meta property=\"og:image\" content=\"https:\/\/www.fclcity.lu\/wp-content\/uploads\/2024\/05\/victoire-barrage-promotion-honneur.jpg\" \/>\n\t<meta property=\"og:image:width\" content=\"1170\" \/>\n\t<meta property=\"og:image:height\" content=\"1155\" \/>\n\t<meta property=\"og:image:type\" content=\"image\/jpeg\" \/>\n<meta name=\"author\" content=\"adminceb01\" \/>\n<meta name=\"twitter:card\" content=\"summary_large_image\" \/>\n<meta name=\"twitter:label1\" content=\"\u00c9crit par\" \/>\n\t<meta name=\"twitter:data1\" content=\"adminceb01\" \/>\n\t<meta name=\"twitter:label2\" content=\"Dur\u00e9e de lecture estim\u00e9e\" \/>\n\t<meta name=\"twitter:data2\" content=\"1 minute\" \/>\n<script type=\"application\/ld+json\" class=\"yoast-schema-graph\">{\"@context\":\"https:\\\/\\\/schema.org\",\"@graph\":[{\"@type\":\"Article\",\"@id\":\"https:\\\/\\\/www.fclcity.lu\\\/index.php\\\/2024\\\/05\\\/30\\\/ils-lont-fait-en-route-pour-la-promotion-dhonneur\\\/#article\",\"isPartOf\":{\"@id\":\"https:\\\/\\\/www.fclcity.lu\\\/index.php\\\/2024\\\/05\\\/30\\\/ils-lont-fait-en-route-pour-la-promotion-dhonneur\\\/\"},\"author\":{\"name\":\"adminceb01\",\"@id\":\"https:\\\/\\\/www.fclcity.lu\\\/#\\\/schema\\\/person\\\/df3a6f00db0fee76cdfc1854efba50d0\"},\"headline\":\"Ils l&#8217;ont fait &#8211; En route pour la Promotion d&#8217;Honneur !\",\"datePublished\":\"2024-05-30T21:27:14+00:00\",\"dateModified\":\"2024-06-01T08:25:07+00:00\",\"mainEntityOfPage\":{\"@id\":\"https:\\\/\\\/www.fclcity.lu\\\/index.php\\\/2024\\\/05\\\/30\\\/ils-lont-fait-en-route-pour-la-promotion-dhonneur\\\/\"},\"wordCount\":209,\"publisher\":{\"@id\":\"https:\\\/\\\/www.fclcity.lu\\\/#organization\"},\"image\":{\"@id\":\"https:\\\/\\\/www.fclcity.lu\\\/index.php\\\/2024\\\/05\\\/30\\\/ils-lont-fait-en-route-pour-la-promotion-dhonneur\\\/#primaryimage\"},\"thumbnailUrl\":\"https:\\\/\\\/www.fclcity.lu\\\/wp-content\\\/uploads\\\/2024\\\/05\\\/victoire-barrage-promotion-honneur.jpg\",\"articleSection\":[\"Actualit\u00e9\"],\"inLanguage\":\"fr-FR\"},{\"@type\":\"WebPage\",\"@id\":\"https:\\\/\\\/www.fclcity.lu\\\/index.php\\\/2024\\\/05\\\/30\\\/ils-lont-fait-en-route-pour-la-promotion-dhonneur\\\/\",\"url\":\"https:\\\/\\\/www.fclcity.lu\\\/index.php\\\/2024\\\/05\\\/30\\\/ils-lont-fait-en-route-pour-la-promotion-dhonneur\\\/\",\"name\":\"Ils l'ont fait - En route pour la Promotion d'Honneur ! - FC Luxembourg City\",\"isPartOf\":{\"@id\":\"https:\\\/\\\/www.fclcity.lu\\\/#website\"},\"primaryImageOfPage\":{\"@id\":\"https:\\\/\\\/www.fclcity.lu\\\/index.php\\\/2024\\\/05\\\/30\\\/ils-lont-fait-en-route-pour-la-promotion-dhonneur\\\/#primaryimage\"},\"image\":{\"@id\":\"https:\\\/\\\/www.fclcity.lu\\\/index.php\\\/2024\\\/05\\\/30\\\/ils-lont-fait-en-route-pour-la-promotion-dhonneur\\\/#primaryimage\"},\"thumbnailUrl\":\"https:\\\/\\\/www.fclcity.lu\\\/wp-content\\\/uploads\\\/2024\\\/05\\\/victoire-barrage-promotion-honneur.jpg\",\"datePublished\":\"2024-05-30T21:27:14+00:00\",\"dateModified\":\"2024-06-01T08:25:07+00:00\",\"description\":\"FC Luxembourg City - Ils l'ont fait - En route pour la Promotion d'Honneur !\",\"breadcrumb\":{\"@id\":\"https:\\\/\\\/www.fclcity.lu\\\/index.php\\\/2024\\\/05\\\/30\\\/ils-lont-fait-en-route-pour-la-promotion-dhonneur\\\/#breadcrumb\"},\"inLanguage\":\"fr-FR\",\"potentialAction\":[{\"@type\":\"ReadAction\",\"target\":[\"https:\\\/\\\/www.fclcity.lu\\\/index.php\\\/2024\\\/05\\\/30\\\/ils-lont-fait-en-route-pour-la-promotion-dhonneur\\\/\"]}]},{\"@type\":\"ImageObject\",\"inLanguage\":\"fr-FR\",\"@id\":\"https:\\\/\\\/www.fclcity.lu\\\/index.php\\\/2024\\\/05\\\/30\\\/ils-lont-fait-en-route-pour-la-promotion-dhonneur\\\/#primaryimage\",\"url\":\"https:\\\/\\\/www.fclcity.lu\\\/wp-content\\\/uploads\\\/2024\\\/05\\\/victoire-barrage-promotion-honneur.jpg\",\"contentUrl\":\"https:\\\/\\\/www.fclcity.lu\\\/wp-content\\\/uploads\\\/2024\\\/05\\\/victoire-barrage-promotion-honneur.jpg\",\"width\":1170,\"height\":1155},{\"@type\":\"BreadcrumbList\",\"@id\":\"https:\\\/\\\/www.fclcity.lu\\\/index.php\\\/2024\\\/05\\\/30\\\/ils-lont-fait-en-route-pour-la-promotion-dhonneur\\\/#breadcrumb\",\"itemListElement\":[{\"@type\":\"ListItem\",\"position\":1,\"name\":\"Accueil\",\"item\":\"https:\\\/\\\/www.fclcity.lu\\\/\"},{\"@type\":\"ListItem\",\"position\":2,\"name\":\"Ils l&rsquo;ont fait &#8211; En route pour la Promotion d&rsquo;Honneur !\"}]},{\"@type\":\"WebSite\",\"@id\":\"https:\\\/\\\/www.fclcity.lu\\\/#website\",\"url\":\"https:\\\/\\\/www.fclcity.lu\\\/\",\"name\":\"FC Luxembourg City\",\"description\":\"\",\"publisher\":{\"@id\":\"https:\\\/\\\/www.fclcity.lu\\\/#organization\"},\"potentialAction\":[{\"@type\":\"SearchAction\",\"target\":{\"@type\":\"EntryPoint\",\"urlTemplate\":\"https:\\\/\\\/www.fclcity.lu\\\/?s={search_term_string}\"},\"query-input\":{\"@type\":\"PropertyValueSpecification\",\"valueRequired\":true,\"valueName\":\"search_term_string\"}}],\"inLanguage\":\"fr-FR\"},{\"@type\":\"Organization\",\"@id\":\"https:\\\/\\\/www.fclcity.lu\\\/#organization\",\"name\":\"FC Luxembourg City\",\"url\":\"https:\\\/\\\/www.fclcity.lu\\\/\",\"logo\":{\"@type\":\"ImageObject\",\"inLanguage\":\"fr-FR\",\"@id\":\"https:\\\/\\\/www.fclcity.lu\\\/#\\\/schema\\\/logo\\\/image\\\/\",\"url\":\"https:\\\/\\\/www.fclcity.lu\\\/wp-content\\\/uploads\\\/2023\\\/12\\\/LOGO_FCLC_472.png\",\"contentUrl\":\"https:\\\/\\\/www.fclcity.lu\\\/wp-content\\\/uploads\\\/2023\\\/12\\\/LOGO_FCLC_472.png\",\"width\":472,\"height\":472,\"caption\":\"FC Luxembourg City\"},\"image\":{\"@id\":\"https:\\\/\\\/www.fclcity.lu\\\/#\\\/schema\\\/logo\\\/image\\\/\"},\"sameAs\":[\"https:\\\/\\\/facebook.com\\\/p\\\/FC-Luxembourg-City-100083413544920\\\/\",\"https:\\\/\\\/www.instagram.com\\\/fc_lcity\"]},{\"@type\":\"Person\",\"@id\":\"https:\\\/\\\/www.fclcity.lu\\\/#\\\/schema\\\/person\\\/df3a6f00db0fee76cdfc1854efba50d0\",\"name\":\"adminceb01\",\"image\":{\"@type\":\"ImageObject\",\"inLanguage\":\"fr-FR\",\"@id\":\"https:\\\/\\\/secure.gravatar.com\\\/avatar\\\/5dcb853cdbb3c7bfa4d0f1047f504248a7ea296deac5b1ff15178af4d24cad0b?s=96&d=mm&r=g\",\"url\":\"https:\\\/\\\/secure.gravatar.com\\\/avatar\\\/5dcb853cdbb3c7bfa4d0f1047f504248a7ea296deac5b1ff15178af4d24cad0b?s=96&d=mm&r=g\",\"contentUrl\":\"https:\\\/\\\/secure.gravatar.com\\\/avatar\\\/5dcb853cdbb3c7bfa4d0f1047f504248a7ea296deac5b1ff15178af4d24cad0b?s=96&d=mm&r=g\",\"caption\":\"adminceb01\"},\"url\":\"https:\\\/\\\/www.fclcity.lu\\\/index.php\\\/author\\\/adminceb01\\\/\"}]}<\/script>\n<!-- \/ Yoast SEO plugin. -->","yoast_head_json":{"title":"Ils l'ont fait - En route pour la Promotion d'Honneur ! - FC Luxembourg City","description":"FC Luxembourg City - Ils l'ont fait - En route pour la Promotion d'Honneur !","robots":{"index":"index","follow":"follow","max-snippet":"max-snippet:-1","max-image-preview":"max-image-preview:large","max-video-preview":"max-video-preview:-1"},"canonical":"https:\/\/www.fclcity.lu\/index.php\/2024\/05\/30\/ils-lont-fait-en-route-pour-la-promotion-dhonneur\/","og_locale":"fr_FR","og_type":"article","og_title":"Ils l'ont fait - En route pour la Promotion d'Honneur ! - FC Luxembourg City","og_description":"FC Luxembourg City - Ils l'ont fait - En route pour la Promotion d'Honneur !","og_url":"https:\/\/www.fclcity.lu\/index.php\/2024\/05\/30\/ils-lont-fait-en-route-pour-la-promotion-dhonneur\/","og_site_name":"FC Luxembourg City","article_publisher":"https:\/\/facebook.com\/p\/FC-Luxembourg-City-100083413544920\/","article_published_time":"2024-05-30T21:27:14+00:00","article_modified_time":"2024-06-01T08:25:07+00:00","og_image":[{"width":1170,"height":1155,"url":"https:\/\/www.fclcity.lu\/wp-content\/uploads\/2024\/05\/victoire-barrage-promotion-honneur.jpg","type":"image\/jpeg"}],"author":"adminceb01","twitter_card":"summary_large_image","twitter_misc":{"\u00c9crit par":"adminceb01","Dur\u00e9e de lecture estim\u00e9e":"1 minute"},"schema":{"@context":"https:\/\/schema.org","@graph":[{"@type":"Article","@id":"https:\/\/www.fclcity.lu\/index.php\/2024\/05\/30\/ils-lont-fait-en-route-pour-la-promotion-dhonneur\/#article","isPartOf":{"@id":"https:\/\/www.fclcity.lu\/index.php\/2024\/05\/30\/ils-lont-fait-en-route-pour-la-promotion-dhonneur\/"},"author":{"name":"adminceb01","@id":"https:\/\/www.fclcity.lu\/#\/schema\/person\/df3a6f00db0fee76cdfc1854efba50d0"},"headline":"Ils l&#8217;ont fait &#8211; En route pour la Promotion d&#8217;Honneur !","datePublished":"2024-05-30T21:27:14+00:00","dateModified":"2024-06-01T08:25:07+00:00","mainEntityOfPage":{"@id":"https:\/\/www.fclcity.lu\/index.php\/2024\/05\/30\/ils-lont-fait-en-route-pour-la-promotion-dhonneur\/"},"wordCount":209,"publisher":{"@id":"https:\/\/www.fclcity.lu\/#organization"},"image":{"@id":"https:\/\/www.fclcity.lu\/index.php\/2024\/05\/30\/ils-lont-fait-en-route-pour-la-promotion-dhonneur\/#primaryimage"},"thumbnailUrl":"https:\/\/www.fclcity.lu\/wp-content\/uploads\/2024\/05\/victoire-barrage-promotion-honneur.jpg","articleSection":["Actualit\u00e9"],"inLanguage":"fr-FR"},{"@type":"WebPage","@id":"https:\/\/www.fclcity.lu\/index.php\/2024\/05\/30\/ils-lont-fait-en-route-pour-la-promotion-dhonneur\/","url":"https:\/\/www.fclcity.lu\/index.php\/2024\/05\/30\/ils-lont-fait-en-route-pour-la-promotion-dhonneur\/","name":"Ils l'ont fait - En route pour la Promotion d'Honneur ! - FC Luxembourg City","isPartOf":{"@id":"https:\/\/www.fclcity.lu\/#website"},"primaryImageOfPage":{"@id":"https:\/\/www.fclcity.lu\/index.php\/2024\/05\/30\/ils-lont-fait-en-route-pour-la-promotion-dhonneur\/#primaryimage"},"image":{"@id":"https:\/\/www.fclcity.lu\/index.php\/2024\/05\/30\/ils-lont-fait-en-route-pour-la-promotion-dhonneur\/#primaryimage"},"thumbnailUrl":"https:\/\/www.fclcity.lu\/wp-content\/uploads\/2024\/05\/victoire-barrage-promotion-honneur.jpg","datePublished":"2024-05-30T21:27:14+00:00","dateModified":"2024-06-01T08:25:07+00:00","description":"FC Luxembourg City - Ils l'ont fait - En route pour la Promotion d'Honneur !","breadcrumb":{"@id":"https:\/\/www.fclcity.lu\/index.php\/2024\/05\/30\/ils-lont-fait-en-route-pour-la-promotion-dhonneur\/#breadcrumb"},"inLanguage":"fr-FR","potentialAction":[{"@type":"ReadAction","target":["https:\/\/www.fclcity.lu\/index.php\/2024\/05\/30\/ils-lont-fait-en-route-pour-la-promotion-dhonneur\/"]}]},{"@type":"ImageObject","inLanguage":"fr-FR","@id":"https:\/\/www.fclcity.lu\/index.php\/2024\/05\/30\/ils-lont-fait-en-route-pour-la-promotion-dhonneur\/#primaryimage","url":"https:\/\/www.fclcity.lu\/wp-content\/uploads\/2024\/05\/victoire-barrage-promotion-honneur.jpg","contentUrl":"https:\/\/www.fclcity.lu\/wp-content\/uploads\/2024\/05\/victoire-barrage-promotion-honneur.jpg","width":1170,"height":1155},{"@type":"BreadcrumbList","@id":"https:\/\/www.fclcity.lu\/index.php\/2024\/05\/30\/ils-lont-fait-en-route-pour-la-promotion-dhonneur\/#breadcrumb","itemListElement":[{"@type":"ListItem","position":1,"name":"Accueil","item":"https:\/\/www.fclcity.lu\/"},{"@type":"ListItem","position":2,"name":"Ils l&rsquo;ont fait &#8211; En route pour la Promotion d&rsquo;Honneur !"}]},{"@type":"WebSite","@id":"https:\/\/www.fclcity.lu\/#website","url":"https:\/\/www.fclcity.lu\/","name":"FC Luxembourg City","description":"","publisher":{"@id":"https:\/\/www.fclcity.lu\/#organization"},"potentialAction":[{"@type":"SearchAction","target":{"@type":"EntryPoint","urlTemplate":"https:\/\/www.fclcity.lu\/?s={search_term_string}"},"query-input":{"@type":"PropertyValueSpecification","valueRequired":true,"valueName":"search_term_string"}}],"inLanguage":"fr-FR"},{"@type":"Organization","@id":"https:\/\/www.fclcity.lu\/#organization","name":"FC Luxembourg City","url":"https:\/\/www.fclcity.lu\/","logo":{"@type":"ImageObject","inLanguage":"fr-FR","@id":"https:\/\/www.fclcity.lu\/#\/schema\/logo\/image\/","url":"https:\/\/www.fclcity.lu\/wp-content\/uploads\/2023\/12\/LOGO_FCLC_472.png","contentUrl":"https:\/\/www.fclcity.lu\/wp-content\/uploads\/2023\/12\/LOGO_FCLC_472.png","width":472,"height":472,"caption":"FC Luxembourg City"},"image":{"@id":"https:\/\/www.fclcity.lu\/#\/schema\/logo\/image\/"},"sameAs":["https:\/\/facebook.com\/p\/FC-Luxembourg-City-100083413544920\/","https:\/\/www.instagram.com\/fc_lcity"]},{"@type":"Person","@id":"https:\/\/www.fclcity.lu\/#\/schema\/person\/df3a6f00db0fee76cdfc1854efba50d0","name":"adminceb01","image":{"@type":"ImageObject","inLanguage":"fr-FR","@id":"https:\/\/secure.gravatar.com\/avatar\/5dcb853cdbb3c7bfa4d0f1047f504248a7ea296deac5b1ff15178af4d24cad0b?s=96&d=mm&r=g","url":"https:\/\/secure.gravatar.com\/avatar\/5dcb853cdbb3c7bfa4d0f1047f504248a7ea296deac5b1ff15178af4d24cad0b?s=96&d=mm&r=g","contentUrl":"https:\/\/secure.gravatar.com\/avatar\/5dcb853cdbb3c7bfa4d0f1047f504248a7ea296deac5b1ff15178af4d24cad0b?s=96&d=mm&r=g","caption":"adminceb01"},"url":"https:\/\/www.fclcity.lu\/index.php\/author\/adminceb01\/"}]}},"jetpack_featured_media_url":"https:\/\/www.fclcity.lu\/wp-content\/uploads\/2024\/05\/victoire-barrage-promotion-honneur.jpg","jetpack_sharing_enabled":true,"_links":{"self":[{"href":"https:\/\/www.fclcity.lu\/index.php\/wp-json\/wp\/v2\/posts\/5282","targetHints":{"allow":["GET"]}}],"collection":[{"href":"https:\/\/www.fclcity.lu\/index.php\/wp-json\/wp\/v2\/posts"}],"about":[{"href":"https:\/\/www.fclcity.lu\/index.php\/wp-json\/wp\/v2\/types\/post"}],"author":[{"embeddable":true,"href":"https:\/\/www.fclcity.lu\/index.php\/wp-json\/wp\/v2\/users\/1"}],"replies":[{"embeddable":true,"href":"https:\/\/www.fclcity.lu\/index.php\/wp-json\/wp\/v2\/comments?post=5282"}],"version-history":[{"count":10,"href":"https:\/\/www.fclcity.lu\/index.php\/wp-json\/wp\/v2\/posts\/5282\/revisions"}],"predecessor-version":[{"id":5301,"href":"https:\/\/www.fclcity.lu\/index.php\/wp-json\/wp\/v2\/posts\/5282\/revisions\/5301"}],"wp:featuredmedia":[{"embeddable":true,"href":"https:\/\/www.fclcity.lu\/index.php\/wp-json\/wp\/v2\/media\/5285"}],"wp:attachment":[{"href":"https:\/\/www.fclcity.lu\/index.php\/wp-json\/wp\/v2\/media?parent=5282"}],"wp:term":[{"taxonomy":"category","embeddable":true,"href":"https:\/\/www.fclcity.lu\/index.php\/wp-json\/wp\/v2\/categories?post=5282"},{"taxonomy":"post_tag","embeddable":true,"href":"https:\/\/www.fclcity.lu\/index.php\/wp-json\/wp\/v2\/tags?post=5282"}],"curies":[{"name":"wp","href":"https:\/\/api.w.org\/{rel}","templated":true}]}}